{"id":584,"date":"2023-02-28T15:41:15","date_gmt":"2023-02-28T15:41:15","guid":{"rendered":"https:\/\/qrealo.cl\/cambridgecali\/?p=584"},"modified":"2023-02-28T15:41:15","modified_gmt":"2023-02-28T15:41:15","slug":"la-semana-del-agua-un-llamado-a-la-accion","status":"publish","type":"school-news","link":"https:\/\/cambridgecali.edu.co\/es\/school-news\/la-semana-del-agua-un-llamado-a-la-accion\/","title":{"rendered":"La semana del agua, un llamado a la acci\u00f3n"},"content":{"rendered":"<div class=\"row-fluid-wrapper row-depth-1 row-number-6 \">\n<div class=\"row-fluid \">\n<div class=\"span12 widget-span widget-type-cell \" data-widget-type=\"cell\" data-x=\"0\" data-w=\"12\">\n<div class=\"row-fluid-wrapper row-depth-1 row-number-7 \">\n<div class=\"row-fluid \">\n<div class=\"span1 widget-span widget-type-custom_widget \" data-widget-type=\"custom_widget\" data-x=\"0\" data-w=\"1\">\n<div id=\"hs_cos_wrapper_module_1594334446948378\" class=\"hs_cos_wrapper hs_cos_wrapper_widget hs_cos_wrapper_type_module widget-type-space\" data-hs-cos-general-type=\"widget\" data-hs-cos-type=\"module\">\n       <span class=\"hs-horizontal-spacer\"><\/span>\n      <\/div>\n<\/p><\/div>\n<p>     <!--end widget-span --> <\/p>\n<div class=\"span10 widget-span widget-type-custom_widget \" data-widget-type=\"custom_widget\" data-x=\"1\" data-w=\"10\">\n<div id=\"hs_cos_wrapper_module_1594157333248284\" class=\"hs_cos_wrapper hs_cos_wrapper_widget hs_cos_wrapper_type_module widget-type-blog_content\" data-hs-cos-general-type=\"widget\" data-hs-cos-type=\"module\">\n<div class=\"blog-section blog_col_in\">\n<div class=\"blog-post-wrapper cell-wrapper S\">\n<div class=\"section post-header clearfix\">\n<div class=\"topic_name_post_in\">\n           <span class=\"img_topic__\"><\/span><br \/>\n           <span class=\"topic_text\"> Salud y bienestar <\/span>\n          <\/div>\n<h1> <span id=\"hs_cos_wrapper_name\" class=\"hs_cos_wrapper hs_cos_wrapper_meta_field hs_cos_wrapper_type_text\" data-hs-cos-general-type=\"meta_field\" data-hs-cos-type=\"text\">La semana del agua, un llamado a la acci\u00f3n<\/span> <\/h1>\n<\/p><\/div>\n<div class=\"section post-body\">\n          <span id=\"hs_cos_wrapper_post_body\" class=\"hs_cos_wrapper hs_cos_wrapper_meta_field hs_cos_wrapper_type_rich_text\" data-hs-cos-general-type=\"meta_field\" data-hs-cos-type=\"rich_text\"><\/p>\n<p class=\"entradilla\" style=\"text-align: center\">el 26 al 31 de agosto se celebra la semana internacional del agua, conoce de qu\u00e9 se trata esta celebraci\u00f3n que invita a ser m\u00e1s conscientes sobre el cuidado de este recurso.<\/p>\n<p>           <!--more--> <\/p>\n<p style=\"font-weight: 400\">Estamos en \u2018La semana del agua\u2019 una celebraci\u00f3n que se lleva a cabo desde 2015 y que est\u00e1 liderada por el Instituto Internacional del Agua de Estocolmo, este evento re\u00fane a todos los que toman parte en la cadena de toma de decisi\u00f3n para fortalecer la gobernanza del agua y garantizar una correcta gesti\u00f3n de los&nbsp;recursos h\u00eddricos. \u2018La semana del agua\u2019 es considerado el evento m\u00e1s importante a escala global acerca de las dificultades que representa garantizar el acceso a agua de calidad.<\/p>\n<p style=\"font-weight: 400\">Por este motivo, m\u00e1s de 3.000 expertos, profesionales, l\u00edderes, innovadores de negocios y j\u00f3venes profesionales de una variedad de sectores y pa\u00edses se dieron cita en Estocolmo.<\/p>\n<p style=\"font-weight: 400\">En esta actividad, que se celebra la \u00faltima semana de agosto, tambi\u00e9n se discuten temas sobre el&nbsp;cambio clim\u00e1tico, la seguridad alimentaria y la tecnolog\u00eda innovadora. <span class=\"resaltado\">Este a\u00f1o el eslogan fue \u2018Agua para la sociedad: Incluidos todos<\/span><\/p>\n<p style=\"font-weight: 400\">Es importante resaltar este tipo de fechas ya que seg\u00fan datos de el Banco Mundial, en el mundo hay&nbsp;2.100 millones de personas que viven sin agua potable en sus hogares&nbsp;y una de cada cuatro escuelas primarias carece de servicios de agua potable, una situaci\u00f3n alarmante.<\/p>\n<p style=\"font-weight: 400\">En el marco de este evento queremos compartir con ustedes unos consejos que le permitir\u00e1n cuidar este recurso natural.<\/p>\n<h2 style=\"font-weight: 400\"><strong>Consejos para cuidar el agua.<\/strong><\/h2>\n<ul style=\"font-weight: 400\">\n<li>D\u00fachate en lugar de ba\u00f1arte, las duchas de 5 minutos consumen 50 litros, mientras que para, por ejemplo, para llenar una ba\u00f1era es <br \/>necesario m\u00ednimo 200 litros.<\/li>\n<li>Cierra la llave mientras te lavas los dientes o usa un vaso con agua para<span>&nbsp;<\/span>enjuagar, con esto puedes ahorrar hasta un 90% del agua.<\/li>\n<li>Crear sistemas de recolecci\u00f3n de agua lluvia en las casas, las cuales pueden ser usadas para diversas actividades como riego de plantas, aseo u otras.&nbsp;<\/li>\n<li>Utiliza la lavadora con carga completa. Con esto evitas el gasto excesivo de agua en este proceso.<\/li>\n<li>Usa sistemas de control del agua en el inodoro, una forma sencilla de hacerlo es colocando una botella llena de arena en el tanque, con esto se ahorra litro y medio de agua.<\/li>\n<\/ul>\n<p><\/span>\n         <\/div>\n<\/p><\/div>\n<\/p><\/div>\n<\/p><\/div>\n<\/p><\/div>\n<p>     <!--end widget-span --> <\/p>\n<div class=\"span1 widget-span widget-type-custom_widget \" data-widget-type=\"custom_widget\" data-x=\"11\" data-w=\"1\">\n<div id=\"hs_cos_wrapper_module_1594334451948379\" class=\"hs_cos_wrapper hs_cos_wrapper_widget hs_cos_wrapper_type_module widget-type-space\" data-hs-cos-general-type=\"widget\" data-hs-cos-type=\"module\">\n       <span class=\"hs-horizontal-spacer\"><\/span>\n      <\/div>\n<\/p><\/div>\n<p>     <!--end widget-span -->\n    <\/div>\n<p>    <!--end row-->\n   <\/div>\n<p>   <!--end row-wrapper -->\n  <\/div>\n<p>  <!--end widget-span -->\n <\/div>\n<p> <!--end row-->\n<\/div>\n<p><!--end row-wrapper --><\/p>\n","protected":false},"excerpt":{"rendered":"<p>Del 26 al 31 de agosto se celebra la semana internacional del agua, conoce de qu\u00e9 se trata esta celebraci\u00f3n que invita a ser m\u00e1s conscientes sobre el cuidado de este recurso.<\/p>\n","protected":false},"featured_media":585,"template":"","class_list":["post-584","school-news","type-school-news","status-publish","has-post-thumbnail","hentry"],"acf":[],"yoast_head":"<!-- This site is optimized with the Yoast SEO plugin v27.1.1 - https:\/\/yoast.com\/product\/yoast-seo-wordpress\/ -->\n<title>La semana del agua, un llamado a la acci\u00f3n - New Cambridge School Cali | Colegios Redcol<\/title>\n<meta name=\"robots\" content=\"index, follow, max-snippet:-1, max-image-preview:large, max-video-preview:-1\" \/>\n<link rel=\"canonical\" href=\"https:\/\/cambridgecali.edu.co\/es\/school-news\/la-semana-del-agua-un-llamado-a-la-accion\/\" \/>\n<meta property=\"og:locale\" content=\"es_ES\" \/>\n<meta property=\"og:type\" content=\"article\" \/>\n<meta property=\"og:title\" content=\"La semana del agua, un llamado a la acci\u00f3n - New Cambridge School Cali | Colegios Redcol\" \/>\n<meta property=\"og:description\" content=\"Del 26 al 31 de agosto se celebra la semana internacional del agua, conoce de qu\u00e9 se trata esta celebraci\u00f3n que invita a ser m\u00e1s conscientes sobre el cuidado de este recurso.\" \/>\n<meta property=\"og:url\" content=\"https:\/\/cambridgecali.edu.co\/es\/school-news\/la-semana-del-agua-un-llamado-a-la-accion\/\" \/>\n<meta property=\"og:site_name\" content=\"New Cambridge School Cali | Colegios Redcol\" \/>\n<meta property=\"article:publisher\" content=\"https:\/\/www.facebook.com\/newcambridgeschoolcali\/\" \/>\n<meta name=\"twitter:card\" content=\"summary_large_image\" \/>\n<meta name=\"twitter:label1\" content=\"Tiempo de lectura\" \/>\n\t<meta name=\"twitter:data1\" content=\"2 minutos\" \/>\n<script type=\"application\/ld+json\" class=\"yoast-schema-graph\">{\"@context\":\"https:\/\/schema.org\",\"@graph\":[{\"@type\":\"WebPage\",\"@id\":\"https:\/\/cambridgecali.edu.co\/es\/school-news\/la-semana-del-agua-un-llamado-a-la-accion\/\",\"url\":\"https:\/\/cambridgecali.edu.co\/es\/school-news\/la-semana-del-agua-un-llamado-a-la-accion\/\",\"name\":\"La semana del agua, un llamado a la acci\u00f3n - New Cambridge School Cali | Colegios Redcol\",\"isPartOf\":{\"@id\":\"https:\/\/cambridgecali.edu.co\/es\/#website\"},\"primaryImageOfPage\":{\"@id\":\"https:\/\/cambridgecali.edu.co\/es\/school-news\/la-semana-del-agua-un-llamado-a-la-accion\/#primaryimage\"},\"image\":{\"@id\":\"https:\/\/cambridgecali.edu.co\/es\/school-news\/la-semana-del-agua-un-llamado-a-la-accion\/#primaryimage\"},\"thumbnailUrl\":\"https:\/\/cambridgecali.edu.co\/wp-content\/uploads\/sites\/32\/2025\/01\/Captura-de-pantalla-2019-08-28-a-las-14_44_09.png\",\"datePublished\":\"2023-02-28T15:41:15+00:00\",\"breadcrumb\":{\"@id\":\"https:\/\/cambridgecali.edu.co\/es\/school-news\/la-semana-del-agua-un-llamado-a-la-accion\/#breadcrumb\"},\"inLanguage\":\"es\",\"potentialAction\":[{\"@type\":\"ReadAction\",\"target\":[\"https:\/\/cambridgecali.edu.co\/es\/school-news\/la-semana-del-agua-un-llamado-a-la-accion\/\"]}]},{\"@type\":\"ImageObject\",\"inLanguage\":\"es\",\"@id\":\"https:\/\/cambridgecali.edu.co\/es\/school-news\/la-semana-del-agua-un-llamado-a-la-accion\/#primaryimage\",\"url\":\"https:\/\/cambridgecali.edu.co\/wp-content\/uploads\/sites\/32\/2025\/01\/Captura-de-pantalla-2019-08-28-a-las-14_44_09.png\",\"contentUrl\":\"https:\/\/cambridgecali.edu.co\/wp-content\/uploads\/sites\/32\/2025\/01\/Captura-de-pantalla-2019-08-28-a-las-14_44_09.png\",\"width\":524,\"height\":444},{\"@type\":\"BreadcrumbList\",\"@id\":\"https:\/\/cambridgecali.edu.co\/es\/school-news\/la-semana-del-agua-un-llamado-a-la-accion\/#breadcrumb\",\"itemListElement\":[{\"@type\":\"ListItem\",\"position\":1,\"name\":\"Home\",\"item\":\"https:\/\/cambridgecali.edu.co\/es\/\"},{\"@type\":\"ListItem\",\"position\":2,\"name\":\"La semana del agua, un llamado a la acci\u00f3n\"}]},{\"@type\":\"WebSite\",\"@id\":\"https:\/\/cambridgecali.edu.co\/es\/#website\",\"url\":\"https:\/\/cambridgecali.edu.co\/es\/\",\"name\":\"New Cambridge School Cali | Colegios Redcol\",\"description\":\"Somos un colegio de alta calidad acad\u00e9mica que busca formar ciudadanos con responsabilidad social, mentalidad internacional y alto nivel de biling\u00fcismo\",\"publisher\":{\"@id\":\"https:\/\/cambridgecali.edu.co\/es\/#organization\"},\"potentialAction\":[{\"@type\":\"SearchAction\",\"target\":{\"@type\":\"EntryPoint\",\"urlTemplate\":\"https:\/\/cambridgecali.edu.co\/es\/?s={search_term_string}\"},\"query-input\":{\"@type\":\"PropertyValueSpecification\",\"valueRequired\":true,\"valueName\":\"search_term_string\"}}],\"inLanguage\":\"es\"},{\"@type\":\"Organization\",\"@id\":\"https:\/\/cambridgecali.edu.co\/es\/#organization\",\"name\":\"New Cambridge School Cali | Colegios Redcol\",\"url\":\"https:\/\/cambridgecali.edu.co\/es\/\",\"logo\":{\"@type\":\"ImageObject\",\"inLanguage\":\"es\",\"@id\":\"https:\/\/cambridgecali.edu.co\/es\/#\/schema\/logo\/image\/\",\"url\":\"https:\/\/cambridgecali.edu.co\/wp-content\/uploads\/sites\/32\/2025\/02\/Logos-cambrigecali_Colegio-6.png\",\"contentUrl\":\"https:\/\/cambridgecali.edu.co\/wp-content\/uploads\/sites\/32\/2025\/02\/Logos-cambrigecali_Colegio-6.png\",\"width\":1000,\"height\":485,\"caption\":\"New Cambridge School Cali | Colegios Redcol\"},\"image\":{\"@id\":\"https:\/\/cambridgecali.edu.co\/es\/#\/schema\/logo\/image\/\"},\"sameAs\":[\"https:\/\/www.facebook.com\/newcambridgeschoolcali\/\",\"https:\/\/www.instagram.com\/newcambridgeschoolcali\",\"https:\/\/www.youtube.com\/channel\/UCQyXDyzzUF2DpE0IvGo4rYg?view_as=subscriber\"]}]}<\/script>\n<!-- \/ Yoast SEO plugin. -->","yoast_head_json":{"title":"La semana del agua, un llamado a la acci\u00f3n - New Cambridge School Cali | Colegios Redcol","robots":{"index":"index","follow":"follow","max-snippet":"max-snippet:-1","max-image-preview":"max-image-preview:large","max-video-preview":"max-video-preview:-1"},"canonical":"https:\/\/cambridgecali.edu.co\/es\/school-news\/la-semana-del-agua-un-llamado-a-la-accion\/","og_locale":"es_ES","og_type":"article","og_title":"La semana del agua, un llamado a la acci\u00f3n - New Cambridge School Cali | Colegios Redcol","og_description":"Del 26 al 31 de agosto se celebra la semana internacional del agua, conoce de qu\u00e9 se trata esta celebraci\u00f3n que invita a ser m\u00e1s conscientes sobre el cuidado de este recurso.","og_url":"https:\/\/cambridgecali.edu.co\/es\/school-news\/la-semana-del-agua-un-llamado-a-la-accion\/","og_site_name":"New Cambridge School Cali | Colegios Redcol","article_publisher":"https:\/\/www.facebook.com\/newcambridgeschoolcali\/","twitter_card":"summary_large_image","twitter_misc":{"Tiempo de lectura":"2 minutos"},"schema":{"@context":"https:\/\/schema.org","@graph":[{"@type":"WebPage","@id":"https:\/\/cambridgecali.edu.co\/es\/school-news\/la-semana-del-agua-un-llamado-a-la-accion\/","url":"https:\/\/cambridgecali.edu.co\/es\/school-news\/la-semana-del-agua-un-llamado-a-la-accion\/","name":"La semana del agua, un llamado a la acci\u00f3n - New Cambridge School Cali | Colegios Redcol","isPartOf":{"@id":"https:\/\/cambridgecali.edu.co\/es\/#website"},"primaryImageOfPage":{"@id":"https:\/\/cambridgecali.edu.co\/es\/school-news\/la-semana-del-agua-un-llamado-a-la-accion\/#primaryimage"},"image":{"@id":"https:\/\/cambridgecali.edu.co\/es\/school-news\/la-semana-del-agua-un-llamado-a-la-accion\/#primaryimage"},"thumbnailUrl":"https:\/\/cambridgecali.edu.co\/wp-content\/uploads\/sites\/32\/2025\/01\/Captura-de-pantalla-2019-08-28-a-las-14_44_09.png","datePublished":"2023-02-28T15:41:15+00:00","breadcrumb":{"@id":"https:\/\/cambridgecali.edu.co\/es\/school-news\/la-semana-del-agua-un-llamado-a-la-accion\/#breadcrumb"},"inLanguage":"es","potentialAction":[{"@type":"ReadAction","target":["https:\/\/cambridgecali.edu.co\/es\/school-news\/la-semana-del-agua-un-llamado-a-la-accion\/"]}]},{"@type":"ImageObject","inLanguage":"es","@id":"https:\/\/cambridgecali.edu.co\/es\/school-news\/la-semana-del-agua-un-llamado-a-la-accion\/#primaryimage","url":"https:\/\/cambridgecali.edu.co\/wp-content\/uploads\/sites\/32\/2025\/01\/Captura-de-pantalla-2019-08-28-a-las-14_44_09.png","contentUrl":"https:\/\/cambridgecali.edu.co\/wp-content\/uploads\/sites\/32\/2025\/01\/Captura-de-pantalla-2019-08-28-a-las-14_44_09.png","width":524,"height":444},{"@type":"BreadcrumbList","@id":"https:\/\/cambridgecali.edu.co\/es\/school-news\/la-semana-del-agua-un-llamado-a-la-accion\/#breadcrumb","itemListElement":[{"@type":"ListItem","position":1,"name":"Home","item":"https:\/\/cambridgecali.edu.co\/es\/"},{"@type":"ListItem","position":2,"name":"La semana del agua, un llamado a la acci\u00f3n"}]},{"@type":"WebSite","@id":"https:\/\/cambridgecali.edu.co\/es\/#website","url":"https:\/\/cambridgecali.edu.co\/es\/","name":"New Cambridge School Cali | Colegios Redcol","description":"Somos un colegio de alta calidad acad\u00e9mica que busca formar ciudadanos con responsabilidad social, mentalidad internacional y alto nivel de biling\u00fcismo","publisher":{"@id":"https:\/\/cambridgecali.edu.co\/es\/#organization"},"potentialAction":[{"@type":"SearchAction","target":{"@type":"EntryPoint","urlTemplate":"https:\/\/cambridgecali.edu.co\/es\/?s={search_term_string}"},"query-input":{"@type":"PropertyValueSpecification","valueRequired":true,"valueName":"search_term_string"}}],"inLanguage":"es"},{"@type":"Organization","@id":"https:\/\/cambridgecali.edu.co\/es\/#organization","name":"New Cambridge School Cali | Colegios Redcol","url":"https:\/\/cambridgecali.edu.co\/es\/","logo":{"@type":"ImageObject","inLanguage":"es","@id":"https:\/\/cambridgecali.edu.co\/es\/#\/schema\/logo\/image\/","url":"https:\/\/cambridgecali.edu.co\/wp-content\/uploads\/sites\/32\/2025\/02\/Logos-cambrigecali_Colegio-6.png","contentUrl":"https:\/\/cambridgecali.edu.co\/wp-content\/uploads\/sites\/32\/2025\/02\/Logos-cambrigecali_Colegio-6.png","width":1000,"height":485,"caption":"New Cambridge School Cali | Colegios Redcol"},"image":{"@id":"https:\/\/cambridgecali.edu.co\/es\/#\/schema\/logo\/image\/"},"sameAs":["https:\/\/www.facebook.com\/newcambridgeschoolcali\/","https:\/\/www.instagram.com\/newcambridgeschoolcali","https:\/\/www.youtube.com\/channel\/UCQyXDyzzUF2DpE0IvGo4rYg?view_as=subscriber"]}]}},"jetpack_sharing_enabled":true,"_links":{"self":[{"href":"https:\/\/cambridgecali.edu.co\/es\/wp-json\/wp\/v2\/school-news\/584","targetHints":{"allow":["GET"]}}],"collection":[{"href":"https:\/\/cambridgecali.edu.co\/es\/wp-json\/wp\/v2\/school-news"}],"about":[{"href":"https:\/\/cambridgecali.edu.co\/es\/wp-json\/wp\/v2\/types\/school-news"}],"version-history":[{"count":0,"href":"https:\/\/cambridgecali.edu.co\/es\/wp-json\/wp\/v2\/school-news\/584\/revisions"}],"wp:featuredmedia":[{"embeddable":true,"href":"https:\/\/cambridgecali.edu.co\/es\/wp-json\/wp\/v2\/media\/585"}],"wp:attachment":[{"href":"https:\/\/cambridgecali.edu.co\/es\/wp-json\/wp\/v2\/media?parent=584"}],"curies":[{"name":"wp","href":"https:\/\/api.w.org\/{rel}","templated":true}]}}