{"id":657,"date":"2023-02-28T15:41:15","date_gmt":"2023-02-28T15:41:15","guid":{"rendered":"https:\/\/qrealo.cl\/cambridgecali\/?p=657"},"modified":"2023-02-28T15:41:15","modified_gmt":"2023-02-28T15:41:15","slug":"crecimiento-y-desarrollo-de-los-ninos-en-los-primeros-siete-anos","status":"publish","type":"blog","link":"https:\/\/cambridgecali.edu.co\/es\/blog\/crecimiento-y-desarrollo-de-los-ninos-en-los-primeros-siete-anos\/","title":{"rendered":"Crecimiento y desarrollo de los ni\u00f1os en los primeros siete a\u00f1os"},"content":{"rendered":"<div class=\"row-fluid-wrapper row-depth-1 row-number-6 \">\n<div class=\"row-fluid \">\n<div class=\"span12 widget-span widget-type-cell \" data-widget-type=\"cell\" data-x=\"0\" data-w=\"12\">\n<div class=\"row-fluid-wrapper row-depth-1 row-number-7 \">\n<div class=\"row-fluid \">\n<div class=\"span1 widget-span widget-type-custom_widget \" data-widget-type=\"custom_widget\" data-x=\"0\" data-w=\"1\">\n<div id=\"hs_cos_wrapper_module_1594334446948378\" class=\"hs_cos_wrapper hs_cos_wrapper_widget hs_cos_wrapper_type_module widget-type-space\" data-hs-cos-general-type=\"widget\" data-hs-cos-type=\"module\">\n       <span class=\"hs-horizontal-spacer\"><\/span>\n      <\/div>\n<\/p><\/div>\n<p>     <!--end widget-span --> <\/p>\n<div class=\"span10 widget-span widget-type-custom_widget \" data-widget-type=\"custom_widget\" data-x=\"1\" data-w=\"10\">\n<div id=\"hs_cos_wrapper_module_1594157333248284\" class=\"hs_cos_wrapper hs_cos_wrapper_widget hs_cos_wrapper_type_module widget-type-blog_content\" data-hs-cos-general-type=\"widget\" data-hs-cos-type=\"module\">\n<div class=\"blog-section blog_col_in\">\n<div class=\"blog-post-wrapper cell-wrapper T\">\n<div class=\"section post-header clearfix\">\n<div class=\"topic_name_post_in\">\n           <span class=\"img_topic__\"><\/span><br \/>\n           <span class=\"topic_text\"> Top academic <\/span>\n          <\/div>\n<h1> <span id=\"hs_cos_wrapper_name\" class=\"hs_cos_wrapper hs_cos_wrapper_meta_field hs_cos_wrapper_type_text\" data-hs-cos-general-type=\"meta_field\" data-hs-cos-type=\"text\">7 claves para el desarrollo de tus hijos en los primeros 7 a\u00f1os<\/span> <\/h1>\n<\/p><\/div>\n<div class=\"section post-body\">\n          <span id=\"hs_cos_wrapper_post_body\" class=\"hs_cos_wrapper hs_cos_wrapper_meta_field hs_cos_wrapper_type_rich_text\" data-hs-cos-general-type=\"meta_field\" data-hs-cos-type=\"rich_text\"><\/p>\n<p class=\"entradilla\" style=\"text-align: left\"><span>Te contamos por qu\u00e9 en esta etapa es tan necesario estimular a los ni\u00f1os, y c\u00f3mo aprovechar al m\u00e1ximo su potencial intelectual y socioafectivo.<\/span><\/p>\n<p>\n            <!--more--><\/p>\n<p style=\"text-align: justify\">Como mam\u00e1s o pap\u00e1s siempre buscamos lo mejor para nuestros hijos, desde que est\u00e1n en el vientre.&nbsp;<\/p>\n<p style=\"text-align: justify\">A veces la avalancha de informaci\u00f3n puede confundir sobre las acciones que son realmente necesarias para sentir que, de verdad, estamos haciendo lo correcto y aprovechando cada oportunidad para su crecimiento y desarrollo.&nbsp;<\/p>\n<p style=\"text-align: justify\">Por esta raz\u00f3n quisimos consultar a nuestros expertos del New Cambridge School Cali, para disipar las dudas m\u00e1s frecuentes que pueden aparecer a la hora de educar y formar a los ni\u00f1os en sus primeros siete a\u00f1os de vida, y conocer las claves para hacer bien nuestro papel, en ese sentido.&nbsp;<\/p>\n<p style=\"text-align: justify\">Tal vez quieras saber \u00bfc\u00f3mo estimular su potencial cerebral?, \u00bfc\u00f3mo lograr que desarrollen las competencias socioafectivas, cognitivas y motrices?, \u00bfqu\u00e9 hacer y qu\u00e9 omitir en esta etapa?, \u00bfc\u00f3mo contribuye el preescolar en el desarrollo de los ni\u00f1os?&nbsp;&nbsp;&nbsp;&nbsp;<\/p>\n<p style=\"text-align: justify\"><strong>\u00a1Aqu\u00ed est\u00e1n tus respuestas!<\/strong><\/p>\n<h2 style=\"font-weight: bold;font-size: 20px;line-height: 3\"><span style=\"color: #e80000\"><strong>1. Aprovecha las conexiones neuronales:<\/strong><\/span><\/h2>\n<p style=\"text-align: left;font-size: 14px\"><img decoding=\"async\" src=\"https:\/\/latam.cognita.network\/cambridgecali-v2\/wp-content\/uploads\/sites\/32\/2025\/01\/Captura-de-pantalla-2020-04-24-a-las-3_28_03-p_m_-4.png\" alt=\"crecimiento y desarrollo del ni\u00f1o\" width=\"1000\" style=\"width: 1000px\"><\/p>\n<p style=\"text-align: justify\"><strong>De acuerdo con nuestros expertos, la etapa entre los 0 y 7 a\u00f1os de vida es donde ocurren m\u00e1s conexiones neuronales y se desarrollan m\u00e1s procesos cognitivos, generando habilidades que, despu\u00e9s de esa edad, se afianzan cada vez m\u00e1s.<\/strong> Por lo tanto, esta edad es esencial a nivel cognitivo y a nivel social.&nbsp;<\/p>\n<p style=\"text-align: justify\">Es el momento donde los ni\u00f1os establecen relaciones primarias, no solo con sus pares sino con otras personas de su entorno, y comienzan a&nbsp; entender las emociones, los gestos y las expresiones de los dem\u00e1s. Aqu\u00ed se empiezan a interiorizar las normas, los l\u00edmites y la autoridad.<\/p>\n<p style=\"text-align: center\"><span style=\"color: #003c8c\"><strong>La mayor\u00eda de aprendizajes fundamentales, que son la base para el resto de los aprendizajes m\u00e1s profundos como una segunda lengua, la lectoescritura, as\u00ed como las habilidades motrices gruesas y finas, se afianzan y se estimulan en los primeros a\u00f1os de vida.<\/strong><\/span><\/p>\n<h2 style=\"font-weight: bold;font-size: 20px;line-height: 3\"><span style=\"color: #e80000\"><strong>2. Desarrollo de competencias claves:<\/strong><\/span><\/h2>\n<p style=\"text-align: justify\">A partir de las dimensiones que abarcan los estudios referentes al desarrollo infantil, as\u00ed como de las propuestas por el <a href=\"https:\/\/www.mineducacion.gov.co\/portal\/Preescolar-basica-y-media\/\"><span>Ministerio de Educaci\u00f3n Nacional de Colombia (MinEducaci\u00f3n)<\/span><\/a>, la competencias o dimensiones que se deben desarrollar hasta los siete a\u00f1os son:<\/p>\n<p style=\"font-weight: bold;font-size: 20px;line-height: 3\"><span style=\"color: #e80000\"><strong><img decoding=\"async\" src=\"https:\/\/latam.cognita.network\/cambridgecali-v2\/wp-content\/uploads\/sites\/32\/2025\/01\/01-2-1.png\" alt=\"crecimiento y desarrollo del ni\u00f1o\" width=\"200\" style=\"width: 200px\">Dimensi\u00f3n socioafectiva,<\/strong><\/span><\/p>\n<p style=\"text-align: justify\"><strong>Relacionada con aprender a socializar, interactuar con otras personas y crear v\u00ednculos afectivos.<\/strong><\/p>\n<h2 style=\"font-weight: bold;font-size: 20px;line-height: 3\"><span style=\"color: #e80000\"><strong><img decoding=\"async\" src=\"https:\/\/latam.cognita.network\/cambridgecali-v2\/wp-content\/uploads\/sites\/32\/2025\/01\/02-2-2.png\" alt=\"crecimiento y desarrollo del ni\u00f1o\" width=\"200\" style=\"width: 200px\">Dimensi\u00f3n motriz,&nbsp;<\/strong><\/span><\/h2>\n<p style=\"text-align: justify\"><strong>Donde se desarrollan todas las habilidades motoras gruesas como la marcha, el equilibrio, la coordinaci\u00f3n y la lateralidad, y las habilidades finas como el agarre del l\u00e1piz, la coordinaci\u00f3n ojo manos, etc.<\/strong><\/p>\n<p style=\"text-align: justify\"><strong>De hecho, una de las ventajas de los m\u00e9todos did\u00e1cticos e interactivos, resaltadas en estudios sobre neurociencia, es que estos ayudan a que los estudiantes capten mejor lo aprendido.<\/strong><\/p>\n<h2 style=\"font-weight: bold;font-size: 20px;line-height: 3\"><span style=\"color: #e80000\"><strong><img decoding=\"async\" src=\"https:\/\/latam.cognita.network\/cambridgecali-v2\/wp-content\/uploads\/sites\/32\/2025\/01\/03-2-3.png\" alt=\"crecimiento y desarrollo del ni\u00f1o\" width=\"200\" style=\"width: 200px\">Dimensi\u00f3n intelectual o cognitiva,<\/strong><\/span><\/h2>\n<p style=\"text-align: justify\"><strong>Que tiene que ver con el aprendizaje de aritm\u00e9ticas, l\u00f3gico matem\u00e1ticas, lectoescritura, y reconocimiento de fonemas y de grafemas.<\/strong><\/p>\n<h2 style=\"font-weight: bold;font-size: 20px;line-height: 3\"><span style=\"color: #e80000\"><strong><img decoding=\"async\" src=\"https:\/\/latam.cognita.network\/cambridgecali-v2\/wp-content\/uploads\/sites\/32\/2025\/01\/04-2-Feb-28-2024-03-51-31-1252-PM.png\" alt=\"crecimiento y desarrollo del ni\u00f1o\" width=\"200\" style=\"width: 200px\">Dimensi\u00f3n adaptativa,<\/strong><\/span><\/h2>\n<p style=\"text-align: justify\"><strong>Referente a habilidades para la vida como autonom\u00eda, tolerancia a la frustraci\u00f3n, resoluci\u00f3n de problemas, independencia, autogesti\u00f3n, capacidad de adaptarse a los cambios, y realizaci\u00f3n de los procesos metacognitivos de evaluaci\u00f3n, planificaci\u00f3n y correcci\u00f3n de errores.<\/strong><\/p>\n<h2 style=\"font-weight: bold;font-size: 20px;line-height: 3\"><span style=\"color: #e80000\"><strong>3. Contribuye a su proceso, desde casa:<\/strong><\/span><\/h2>\n<p style=\"text-align: justify\"><img decoding=\"async\" src=\"https:\/\/latam.cognita.network\/cambridgecali-v2\/wp-content\/uploads\/sites\/32\/2025\/01\/estudiantes-observando-trabajo-min.jpg\" alt=\"crecimiento y desarrollo del ni\u00f1o\" width=\"1000\" style=\"width: 1000px\"><\/p>\n<p style=\"text-align: justify\">Lo primero que debes reconocer, como padre de familia, es que cada ni\u00f1o tiene un ritmo particular para su desarrollo, al ser sujetos que van formando su propia personalidad y su propio temperamento; al ser sujetos no solo intelectuales sino emocionales y de derechos.<\/p>\n<p style=\"text-align: center\"><span style=\"color: #003c8c\"><strong>Por lo tanto, debes impartirles valores y principios b\u00e1sicos, y empezar a moldear su comportamiento a trav\u00e9s del ejemplo: todas las normas, l\u00edmites e incluso habilidades que quieras desarrollar en los ni\u00f1os deben pasar primero por ah\u00ed, al ser los pap\u00e1s y las mam\u00e1s modelos de ese comportamiento.<\/strong><\/span><\/p>\n<p><span style=\"color: #000000\">\u00bfNecesitas ayuda? Tienes que tener a la mano la gu\u00eda: <\/span><span style=\"color: #ff0201\"><a href=\"https:\/\/blog.cambridgecali.edu.co\/actividades-para-ninos-en-casa-segun-edad?hsLang=en\" style=\"color: #ff0201;font-weight: bold\">Actividades para ni\u00f1os en casa seg\u00fan su edad<\/a><\/span><\/p>\n<p style=\"text-align: justify\">Es muy importante que a esta edad trates de identificar y reconocer cu\u00e1les son las habilidades m\u00e1s fuertes del ni\u00f1o o donde tiene un mejor desempe\u00f1o,&nbsp; para potencializarlas.<\/p>\n<p style=\"text-align: justify\">Adem\u00e1s debes estimular a los ni\u00f1os que est\u00e1n en edad de adquisici\u00f3n de la lengua materna, en la conciencia fonol\u00f3gica que les va a ayudar luego a la lectoescritura, a trav\u00e9s de trabalenguas, adivinanzas, cuentos, rondas y canciones.<\/p>\n<h2 style=\"font-weight: bold;font-size: 20px;line-height: 3\"><span style=\"color: #e80000\"><strong>4. Favorece sus emociones:<\/strong><\/span><\/h2>\n<p style=\"text-align: justify\"><img decoding=\"async\" src=\"https:\/\/latam.cognita.network\/cambridgecali-v2\/wp-content\/uploads\/sites\/32\/2025\/01\/estudiante-maternal-con-instrumento-min-3.jpg\" alt=\"crecimiento y desarrollo del ni\u00f1o\" width=\"1000\" style=\"width: 1000px\"><\/p>\n<p style=\"text-align: justify\">En cuanto al desarrollo emocional, debes ser muy equilibrado en la crianza, de modo que coexistan la autoridad, la exigencia de normas y los l\u00edmites con la parte c\u00e1lida, afectiva, y de moldeamiento emocional.&nbsp;<\/p>\n<p style=\"text-align: justify\">Desde peque\u00f1os los ni\u00f1os deben tener espacios de comunicaci\u00f3n asertiva y respetuosa donde se hable de las emociones, y se familiaricen con la perspectiva que los gu\u00eda para saber que est\u00e1 bien hablar sobre las emociones, regularlas, reconocerlas y validarlas, para luego trabajar con ellas.<\/p>\n<h2 style=\"font-weight: bold;font-size: 20px;line-height: 3\"><span style=\"color: #e80000\"><strong>5. Lo que no debes dejar de hacer:<\/strong><\/span><\/h2>\n<p style=\"text-align: justify\"><img decoding=\"async\" src=\"https:\/\/latam.cognita.network\/cambridgecali-v2\/wp-content\/uploads\/sites\/32\/2025\/01\/estudiante-en-parkour-min-4.jpg\" alt=\"crecimiento y desarrollo del ni\u00f1o\" width=\"1000\" style=\"width: 1000px\"><\/p>\n<p style=\"text-align: justify\">Es muy importante que, en estas edades, no omitas la perspectiva del ni\u00f1o, y esta debe apuntar a entender su ritmo de desarrollo y ser muy conscientes de que el desarrollo infantil no es un proceso cronol\u00f3gico, lineal, sino que a veces tiene retrocesos y momentos donde hay que afianzar y trabajar ciertas habilidades.<\/p>\n<h2 style=\"font-weight: bold;font-size: 20px;line-height: 3\"><span style=\"color: #e80000\"><strong>6. Lo que no debes omitir:<\/strong><\/span><\/h2>\n<p style=\"text-align: justify\"><img decoding=\"async\" src=\"https:\/\/latam.cognita.network\/cambridgecali-v2\/wp-content\/uploads\/sites\/32\/2025\/01\/estudiante-clase-de-estimulacion-min-4.jpg\" alt=\"estudiante clase de estimulacion-min\" width=\"1001\" style=\"width: 1001px\"><\/p>\n<p style=\"text-align: justify\">Lo que, definitivamente, no se debe omitir en estas edades son los procesos de socializaci\u00f3n, tanto al interior de la instituci\u00f3n educativa como fuera de ella, debido a que esto contribuye en el desarrollo cognitivo.&nbsp;<\/p>\n<p style=\"text-align: justify\">De hecho, muchos ni\u00f1os se ven jalonados cognitivamente por pares que van mucho m\u00e1s aventajados y que les ayudan a estimular algunos procesos. <strong>La socializaci\u00f3n les&nbsp; permite, adem\u00e1s, explorar el entorno social, empezar a vincularse con otras personas a escala afectiva, y entender las normas sociales y las rutinas. <\/strong><\/p>\n<h2 style=\"font-weight: bold;font-size: 20px;line-height: 3\"><span style=\"color: #e80000\"><strong>7. Ap\u00f3yate en el New Cambridge School Cali:<\/strong><\/span><\/h2>\n<p style=\"text-align: justify\"><img decoding=\"async\" src=\"https:\/\/latam.cognita.network\/cambridgecali-v2\/wp-content\/uploads\/sites\/32\/2025\/01\/estudiante-feliz-hora-del-almuerzo-min-2.jpg\" alt=\"crecimiento y desarrollo del ni\u00f1o\" width=\"1000\" style=\"width: 1000px\"><\/p>\n<p style=\"text-align: justify\">En el New Cambridge School Cali realizamos un esfuerzo muy importante, desde preescolar, para que los ni\u00f1os afiancen todas sus capacidades con base en las competencias exigidas por el Ministerio de Educaci\u00f3n para la primera infancia, <strong>pero tambi\u00e9n estimulando y transversalizando todas las habilidades socioemocionales al curr\u00edculo en cada unidad de aprendizaje.&nbsp;<\/strong><\/p>\n<p style=\"text-align: justify\"><span style=\"color: #ff0201\"><a href=\"https:\/\/blog.cambridgecali.edu.co\/educacion-felicidad-nuestra-razon-ser?hsLang=en\" style=\"font-weight: bold;color: #ff0201\">\u00a1Somos un colegio certificado en felicidad!<\/a><\/span><\/p>\n<p style=\"text-align: justify\">Para nosotros es muy importante que, en estas edades, los ni\u00f1os puedan indagar, explorar su entorno, investigar, hacerse preguntas, llegar a ciertas conclusiones, empezar a autogestionar sus emociones, regularse y ser cada vez m\u00e1s aut\u00f3nomos, en compa\u00f1\u00eda de sus pap\u00e1s<\/p>\n<p style=\"text-align: justify\">Por eso, el estar en constante comunicaci\u00f3n con las familias y con toda la din\u00e1mica educativa, nos permite ser mucho m\u00e1s conscientes sobre las etapas de cada ni\u00f1o para as\u00ed cada vez poder jalonar las competencias que deben desarrollar.<\/p>\n<p><\/span>\n         <\/div>\n<\/p><\/div>\n<\/p><\/div>\n<\/p><\/div>\n<\/p><\/div>\n<p>     <!--end widget-span --> <\/p>\n<div class=\"span1 widget-span widget-type-custom_widget \" data-widget-type=\"custom_widget\" data-x=\"11\" data-w=\"1\">\n<div id=\"hs_cos_wrapper_module_1594334451948379\" class=\"hs_cos_wrapper hs_cos_wrapper_widget hs_cos_wrapper_type_module widget-type-space\" data-hs-cos-general-type=\"widget\" data-hs-cos-type=\"module\">\n       <span class=\"hs-horizontal-spacer\"><\/span>\n      <\/div>\n<\/p><\/div>\n<p>     <!--end widget-span -->\n    <\/div>\n<p>    <!--end row-->\n   <\/div>\n<p>   <!--end row-wrapper -->\n  <\/div>\n<p>  <!--end widget-span -->\n <\/div>\n<p> <!--end row-->\n<\/div>\n<p><!--end row-wrapper --><\/p>\n","protected":false},"excerpt":{"rendered":"<p>Conoce c\u00f3mo potenciar el crecimiento y desarrollo de los ni\u00f1os en esta etapa, y c\u00f3mo aporta el New Cambridge School Cali a este objetivo.<\/p>\n","protected":false},"featured_media":719,"template":"","class_list":["post-657","blog","type-blog","status-publish","has-post-thumbnail","hentry"],"acf":[],"yoast_head":"<!-- This site is optimized with the Yoast SEO plugin v27.1.1 - https:\/\/yoast.com\/product\/yoast-seo-wordpress\/ -->\n<title>Crecimiento y desarrollo de los ni\u00f1os en los primeros siete a\u00f1os - New Cambridge School Cali | Colegios Redcol<\/title>\n<meta name=\"robots\" content=\"index, follow, max-snippet:-1, max-image-preview:large, max-video-preview:-1\" \/>\n<link rel=\"canonical\" href=\"https:\/\/cambridgecali.edu.co\/es\/blog\/crecimiento-y-desarrollo-de-los-ninos-en-los-primeros-siete-anos\/\" \/>\n<meta property=\"og:locale\" content=\"es_ES\" \/>\n<meta property=\"og:type\" content=\"article\" \/>\n<meta property=\"og:title\" content=\"Crecimiento y desarrollo de los ni\u00f1os en los primeros siete a\u00f1os - New Cambridge School Cali | Colegios Redcol\" \/>\n<meta property=\"og:description\" content=\"Conoce c\u00f3mo potenciar el crecimiento y desarrollo de los ni\u00f1os en esta etapa, y c\u00f3mo aporta el New Cambridge School Cali a este objetivo.\" \/>\n<meta property=\"og:url\" content=\"https:\/\/cambridgecali.edu.co\/es\/blog\/crecimiento-y-desarrollo-de-los-ninos-en-los-primeros-siete-anos\/\" \/>\n<meta property=\"og:site_name\" content=\"New Cambridge School Cali | Colegios Redcol\" \/>\n<meta property=\"article:publisher\" content=\"https:\/\/www.facebook.com\/newcambridgeschoolcali\/\" \/>\n<meta property=\"og:image\" content=\"https:\/\/latam.cognita.network\/cambridgecali-v2\/wp-content\/uploads\/sites\/32\/2025\/01\/Captura-de-pantalla-2020-04-24-a-las-3_28_03-p_m_-4.png\" \/>\n<meta name=\"twitter:card\" content=\"summary_large_image\" \/>\n<meta name=\"twitter:label1\" content=\"Tiempo de lectura\" \/>\n\t<meta name=\"twitter:data1\" content=\"6 minutos\" \/>\n<script type=\"application\/ld+json\" class=\"yoast-schema-graph\">{\"@context\":\"https:\/\/schema.org\",\"@graph\":[{\"@type\":\"WebPage\",\"@id\":\"https:\/\/cambridgecali.edu.co\/es\/blog\/crecimiento-y-desarrollo-de-los-ninos-en-los-primeros-siete-anos\/\",\"url\":\"https:\/\/cambridgecali.edu.co\/es\/blog\/crecimiento-y-desarrollo-de-los-ninos-en-los-primeros-siete-anos\/\",\"name\":\"Crecimiento y desarrollo de los ni\u00f1os en los primeros siete a\u00f1os - New Cambridge School Cali | Colegios Redcol\",\"isPartOf\":{\"@id\":\"https:\/\/cambridgecali.edu.co\/es\/#website\"},\"primaryImageOfPage\":{\"@id\":\"https:\/\/cambridgecali.edu.co\/es\/blog\/crecimiento-y-desarrollo-de-los-ninos-en-los-primeros-siete-anos\/#primaryimage\"},\"image\":{\"@id\":\"https:\/\/cambridgecali.edu.co\/es\/blog\/crecimiento-y-desarrollo-de-los-ninos-en-los-primeros-siete-anos\/#primaryimage\"},\"thumbnailUrl\":\"https:\/\/cambridgecali.edu.co\/wp-content\/uploads\/sites\/32\/2025\/01\/estudiante-maternal-aprendiendo-min-scaled-1.jpg\",\"datePublished\":\"2023-02-28T15:41:15+00:00\",\"breadcrumb\":{\"@id\":\"https:\/\/cambridgecali.edu.co\/es\/blog\/crecimiento-y-desarrollo-de-los-ninos-en-los-primeros-siete-anos\/#breadcrumb\"},\"inLanguage\":\"es\",\"potentialAction\":[{\"@type\":\"ReadAction\",\"target\":[\"https:\/\/cambridgecali.edu.co\/es\/blog\/crecimiento-y-desarrollo-de-los-ninos-en-los-primeros-siete-anos\/\"]}]},{\"@type\":\"ImageObject\",\"inLanguage\":\"es\",\"@id\":\"https:\/\/cambridgecali.edu.co\/es\/blog\/crecimiento-y-desarrollo-de-los-ninos-en-los-primeros-siete-anos\/#primaryimage\",\"url\":\"https:\/\/cambridgecali.edu.co\/wp-content\/uploads\/sites\/32\/2025\/01\/estudiante-maternal-aprendiendo-min-scaled-1.jpg\",\"contentUrl\":\"https:\/\/cambridgecali.edu.co\/wp-content\/uploads\/sites\/32\/2025\/01\/estudiante-maternal-aprendiendo-min-scaled-1.jpg\",\"width\":2560,\"height\":1707},{\"@type\":\"BreadcrumbList\",\"@id\":\"https:\/\/cambridgecali.edu.co\/es\/blog\/crecimiento-y-desarrollo-de-los-ninos-en-los-primeros-siete-anos\/#breadcrumb\",\"itemListElement\":[{\"@type\":\"ListItem\",\"position\":1,\"name\":\"Home\",\"item\":\"https:\/\/cambridgecali.edu.co\/es\/\"},{\"@type\":\"ListItem\",\"position\":2,\"name\":\"Crecimiento y desarrollo de los ni\u00f1os en los primeros siete a\u00f1os\"}]},{\"@type\":\"WebSite\",\"@id\":\"https:\/\/cambridgecali.edu.co\/es\/#website\",\"url\":\"https:\/\/cambridgecali.edu.co\/es\/\",\"name\":\"New Cambridge School Cali | Colegios Redcol\",\"description\":\"Somos un colegio de alta calidad acad\u00e9mica que busca formar ciudadanos con responsabilidad social, mentalidad internacional y alto nivel de biling\u00fcismo\",\"publisher\":{\"@id\":\"https:\/\/cambridgecali.edu.co\/es\/#organization\"},\"potentialAction\":[{\"@type\":\"SearchAction\",\"target\":{\"@type\":\"EntryPoint\",\"urlTemplate\":\"https:\/\/cambridgecali.edu.co\/es\/?s={search_term_string}\"},\"query-input\":{\"@type\":\"PropertyValueSpecification\",\"valueRequired\":true,\"valueName\":\"search_term_string\"}}],\"inLanguage\":\"es\"},{\"@type\":\"Organization\",\"@id\":\"https:\/\/cambridgecali.edu.co\/es\/#organization\",\"name\":\"New Cambridge School Cali | Colegios Redcol\",\"url\":\"https:\/\/cambridgecali.edu.co\/es\/\",\"logo\":{\"@type\":\"ImageObject\",\"inLanguage\":\"es\",\"@id\":\"https:\/\/cambridgecali.edu.co\/es\/#\/schema\/logo\/image\/\",\"url\":\"https:\/\/cambridgecali.edu.co\/wp-content\/uploads\/sites\/32\/2025\/02\/Logos-cambrigecali_Colegio-6.png\",\"contentUrl\":\"https:\/\/cambridgecali.edu.co\/wp-content\/uploads\/sites\/32\/2025\/02\/Logos-cambrigecali_Colegio-6.png\",\"width\":1000,\"height\":485,\"caption\":\"New Cambridge School Cali | Colegios Redcol\"},\"image\":{\"@id\":\"https:\/\/cambridgecali.edu.co\/es\/#\/schema\/logo\/image\/\"},\"sameAs\":[\"https:\/\/www.facebook.com\/newcambridgeschoolcali\/\",\"https:\/\/www.instagram.com\/newcambridgeschoolcali\",\"https:\/\/www.youtube.com\/channel\/UCQyXDyzzUF2DpE0IvGo4rYg?view_as=subscriber\"]}]}<\/script>\n<!-- \/ Yoast SEO plugin. -->","yoast_head_json":{"title":"Crecimiento y desarrollo de los ni\u00f1os en los primeros siete a\u00f1os - New Cambridge School Cali | Colegios Redcol","robots":{"index":"index","follow":"follow","max-snippet":"max-snippet:-1","max-image-preview":"max-image-preview:large","max-video-preview":"max-video-preview:-1"},"canonical":"https:\/\/cambridgecali.edu.co\/es\/blog\/crecimiento-y-desarrollo-de-los-ninos-en-los-primeros-siete-anos\/","og_locale":"es_ES","og_type":"article","og_title":"Crecimiento y desarrollo de los ni\u00f1os en los primeros siete a\u00f1os - New Cambridge School Cali | Colegios Redcol","og_description":"Conoce c\u00f3mo potenciar el crecimiento y desarrollo de los ni\u00f1os en esta etapa, y c\u00f3mo aporta el New Cambridge School Cali a este objetivo.","og_url":"https:\/\/cambridgecali.edu.co\/es\/blog\/crecimiento-y-desarrollo-de-los-ninos-en-los-primeros-siete-anos\/","og_site_name":"New Cambridge School Cali | Colegios Redcol","article_publisher":"https:\/\/www.facebook.com\/newcambridgeschoolcali\/","og_image":[{"url":"https:\/\/latam.cognita.network\/cambridgecali-v2\/wp-content\/uploads\/sites\/32\/2025\/01\/Captura-de-pantalla-2020-04-24-a-las-3_28_03-p_m_-4.png","type":"","width":"","height":""}],"twitter_card":"summary_large_image","twitter_misc":{"Tiempo de lectura":"6 minutos"},"schema":{"@context":"https:\/\/schema.org","@graph":[{"@type":"WebPage","@id":"https:\/\/cambridgecali.edu.co\/es\/blog\/crecimiento-y-desarrollo-de-los-ninos-en-los-primeros-siete-anos\/","url":"https:\/\/cambridgecali.edu.co\/es\/blog\/crecimiento-y-desarrollo-de-los-ninos-en-los-primeros-siete-anos\/","name":"Crecimiento y desarrollo de los ni\u00f1os en los primeros siete a\u00f1os - New Cambridge School Cali | Colegios Redcol","isPartOf":{"@id":"https:\/\/cambridgecali.edu.co\/es\/#website"},"primaryImageOfPage":{"@id":"https:\/\/cambridgecali.edu.co\/es\/blog\/crecimiento-y-desarrollo-de-los-ninos-en-los-primeros-siete-anos\/#primaryimage"},"image":{"@id":"https:\/\/cambridgecali.edu.co\/es\/blog\/crecimiento-y-desarrollo-de-los-ninos-en-los-primeros-siete-anos\/#primaryimage"},"thumbnailUrl":"https:\/\/cambridgecali.edu.co\/wp-content\/uploads\/sites\/32\/2025\/01\/estudiante-maternal-aprendiendo-min-scaled-1.jpg","datePublished":"2023-02-28T15:41:15+00:00","breadcrumb":{"@id":"https:\/\/cambridgecali.edu.co\/es\/blog\/crecimiento-y-desarrollo-de-los-ninos-en-los-primeros-siete-anos\/#breadcrumb"},"inLanguage":"es","potentialAction":[{"@type":"ReadAction","target":["https:\/\/cambridgecali.edu.co\/es\/blog\/crecimiento-y-desarrollo-de-los-ninos-en-los-primeros-siete-anos\/"]}]},{"@type":"ImageObject","inLanguage":"es","@id":"https:\/\/cambridgecali.edu.co\/es\/blog\/crecimiento-y-desarrollo-de-los-ninos-en-los-primeros-siete-anos\/#primaryimage","url":"https:\/\/cambridgecali.edu.co\/wp-content\/uploads\/sites\/32\/2025\/01\/estudiante-maternal-aprendiendo-min-scaled-1.jpg","contentUrl":"https:\/\/cambridgecali.edu.co\/wp-content\/uploads\/sites\/32\/2025\/01\/estudiante-maternal-aprendiendo-min-scaled-1.jpg","width":2560,"height":1707},{"@type":"BreadcrumbList","@id":"https:\/\/cambridgecali.edu.co\/es\/blog\/crecimiento-y-desarrollo-de-los-ninos-en-los-primeros-siete-anos\/#breadcrumb","itemListElement":[{"@type":"ListItem","position":1,"name":"Home","item":"https:\/\/cambridgecali.edu.co\/es\/"},{"@type":"ListItem","position":2,"name":"Crecimiento y desarrollo de los ni\u00f1os en los primeros siete a\u00f1os"}]},{"@type":"WebSite","@id":"https:\/\/cambridgecali.edu.co\/es\/#website","url":"https:\/\/cambridgecali.edu.co\/es\/","name":"New Cambridge School Cali | Colegios Redcol","description":"Somos un colegio de alta calidad acad\u00e9mica que busca formar ciudadanos con responsabilidad social, mentalidad internacional y alto nivel de biling\u00fcismo","publisher":{"@id":"https:\/\/cambridgecali.edu.co\/es\/#organization"},"potentialAction":[{"@type":"SearchAction","target":{"@type":"EntryPoint","urlTemplate":"https:\/\/cambridgecali.edu.co\/es\/?s={search_term_string}"},"query-input":{"@type":"PropertyValueSpecification","valueRequired":true,"valueName":"search_term_string"}}],"inLanguage":"es"},{"@type":"Organization","@id":"https:\/\/cambridgecali.edu.co\/es\/#organization","name":"New Cambridge School Cali | Colegios Redcol","url":"https:\/\/cambridgecali.edu.co\/es\/","logo":{"@type":"ImageObject","inLanguage":"es","@id":"https:\/\/cambridgecali.edu.co\/es\/#\/schema\/logo\/image\/","url":"https:\/\/cambridgecali.edu.co\/wp-content\/uploads\/sites\/32\/2025\/02\/Logos-cambrigecali_Colegio-6.png","contentUrl":"https:\/\/cambridgecali.edu.co\/wp-content\/uploads\/sites\/32\/2025\/02\/Logos-cambrigecali_Colegio-6.png","width":1000,"height":485,"caption":"New Cambridge School Cali | Colegios Redcol"},"image":{"@id":"https:\/\/cambridgecali.edu.co\/es\/#\/schema\/logo\/image\/"},"sameAs":["https:\/\/www.facebook.com\/newcambridgeschoolcali\/","https:\/\/www.instagram.com\/newcambridgeschoolcali","https:\/\/www.youtube.com\/channel\/UCQyXDyzzUF2DpE0IvGo4rYg?view_as=subscriber"]}]}},"jetpack_sharing_enabled":true,"_links":{"self":[{"href":"https:\/\/cambridgecali.edu.co\/es\/wp-json\/wp\/v2\/blog\/657","targetHints":{"allow":["GET"]}}],"collection":[{"href":"https:\/\/cambridgecali.edu.co\/es\/wp-json\/wp\/v2\/blog"}],"about":[{"href":"https:\/\/cambridgecali.edu.co\/es\/wp-json\/wp\/v2\/types\/blog"}],"version-history":[{"count":0,"href":"https:\/\/cambridgecali.edu.co\/es\/wp-json\/wp\/v2\/blog\/657\/revisions"}],"wp:featuredmedia":[{"embeddable":true,"href":"https:\/\/cambridgecali.edu.co\/es\/wp-json\/wp\/v2\/media\/719"}],"wp:attachment":[{"href":"https:\/\/cambridgecali.edu.co\/es\/wp-json\/wp\/v2\/media?parent=657"}],"curies":[{"name":"wp","href":"https:\/\/api.w.org\/{rel}","templated":true}]}}